{"id":304,"date":"2023-12-14T17:49:19","date_gmt":"2023-12-14T16:49:19","guid":{"rendered":"https:\/\/www.gallericarl.com\/?p=304"},"modified":"2025-04-18T21:12:43","modified_gmt":"2025-04-18T19:12:43","slug":"5-startup-ideas-for-your-art-business","status":"publish","type":"post","link":"https:\/\/gallericarl.com\/sv\/5-startup-ideas-for-your-art-business\/","title":{"rendered":"5 startid\u00e9er f\u00f6r din konstverksamhet"},"content":{"rendered":"<p>\u00c4r du passionerad f\u00f6r konst och dr\u00f6mmer om att kanalisera denna passion till en blomstrande verksamhet? I den st\u00e4ndigt f\u00f6r\u00e4nderliga konstv\u00e4rlden \u00e4r f\u00e4rska och innovativa id\u00e9er nyckeln till framg\u00e5ng. Oavsett om du \u00e4r konstn\u00e4r och vill kommersialisera din talang eller en konstentusiast som siktar p\u00e5 att skapa en unik aff\u00e4rsverksamhet, \u00e4r m\u00f6jligheterna o\u00e4ndliga. <\/p>\n\n\n\n<p>L\u00e5t oss utforska n\u00e5gra samtida och sp\u00e4nnande id\u00e9er f\u00f6r din konstn\u00e4rliga verksamhet som kan s\u00e4tta dig i f\u00f6rgrunden p\u00e5 marknaden.<\/p>\n\n\n\n<h5 class=\"wp-block-heading\">1. Onlinekonstmarknad<\/h5>\n\n\n\n<p>I den digitala eran \u00e4r en onlinekonstmarknad ett fantastiskt s\u00e4tt att koppla samman konstn\u00e4rer med k\u00f6pare globalt. Genom att skapa en plattform d\u00e4r konstn\u00e4rer kan visa och s\u00e4lja sina verk, tillhandah\u00e5ller du inte bara en v\u00e4rdefull tj\u00e4nst utan ocks\u00e5 utnyttjar den v\u00e4xande trenden med f\u00f6rs\u00e4ljning av konst online. Integrera funktioner som virtuella gallerier, konstn\u00e4rsprofiler och kundrecensioner f\u00f6r att f\u00f6rb\u00e4ttra anv\u00e4ndarupplevelsen.<\/p>\n\n\n\n<div style=\"height:20px\" aria-hidden=\"true\" class=\"wp-block-spacer\"><\/div>\n\n\n\n<figure class=\"wp-block-gallery alignwide has-nested-images columns-2 is-cropped wp-block-gallery-1 is-layout-flex wp-block-gallery-is-layout-flex\">\n<figure class=\"wp-block-image size-full\"><img fetchpriority=\"high\" decoding=\"async\" width=\"1024\" height=\"683\" data-id=\"20407\" src=\"https:\/\/www.gallericarl.com\/wp-content\/uploads\/2024\/01\/service-image1-1024x68345435-1.jpg\" alt=\"\" class=\"wp-image-20407\" srcset=\"https:\/\/gallericarl.com\/wp-content\/uploads\/2024\/01\/service-image1-1024x68345435-1.jpg 1024w, https:\/\/gallericarl.com\/wp-content\/uploads\/2024\/01\/service-image1-1024x68345435-1-300x200.jpg 300w, https:\/\/gallericarl.com\/wp-content\/uploads\/2024\/01\/service-image1-1024x68345435-1-768x512.jpg 768w, https:\/\/gallericarl.com\/wp-content\/uploads\/2024\/01\/service-image1-1024x68345435-1-370x247.jpg 370w, https:\/\/gallericarl.com\/wp-content\/uploads\/2024\/01\/service-image1-1024x68345435-1-840x560.jpg 840w, https:\/\/gallericarl.com\/wp-content\/uploads\/2024\/01\/service-image1-1024x68345435-1-410x273.jpg 410w, https:\/\/gallericarl.com\/wp-content\/uploads\/2024\/01\/service-image1-1024x68345435-1-600x400.jpg 600w\" sizes=\"(max-width: 1024px) 100vw, 1024px\" \/><\/figure>\n\n\n\n<figure class=\"wp-block-image size-full\"><img decoding=\"async\" width=\"1024\" height=\"683\" data-id=\"20408\" src=\"https:\/\/www.gallericarl.com\/wp-content\/uploads\/2024\/01\/service-image1-1024x683blog.jpg\" alt=\"\" class=\"wp-image-20408\" srcset=\"https:\/\/gallericarl.com\/wp-content\/uploads\/2024\/01\/service-image1-1024x683blog.jpg 1024w, https:\/\/gallericarl.com\/wp-content\/uploads\/2024\/01\/service-image1-1024x683blog-300x200.jpg 300w, https:\/\/gallericarl.com\/wp-content\/uploads\/2024\/01\/service-image1-1024x683blog-768x512.jpg 768w, https:\/\/gallericarl.com\/wp-content\/uploads\/2024\/01\/service-image1-1024x683blog-370x247.jpg 370w, https:\/\/gallericarl.com\/wp-content\/uploads\/2024\/01\/service-image1-1024x683blog-840x560.jpg 840w, https:\/\/gallericarl.com\/wp-content\/uploads\/2024\/01\/service-image1-1024x683blog-410x273.jpg 410w, https:\/\/gallericarl.com\/wp-content\/uploads\/2024\/01\/service-image1-1024x683blog-600x400.jpg 600w\" sizes=\"(max-width: 1024px) 100vw, 1024px\" \/><\/figure>\n\n\n\n<figure class=\"wp-block-image size-full\"><img decoding=\"async\" width=\"1024\" height=\"683\" data-id=\"20404\" src=\"https:\/\/www.gallericarl.com\/wp-content\/uploads\/2024\/01\/service-image1-1024x683789-1.jpg\" alt=\"\" class=\"wp-image-20404\" srcset=\"https:\/\/gallericarl.com\/wp-content\/uploads\/2024\/01\/service-image1-1024x683789-1.jpg 1024w, https:\/\/gallericarl.com\/wp-content\/uploads\/2024\/01\/service-image1-1024x683789-1-300x200.jpg 300w, https:\/\/gallericarl.com\/wp-content\/uploads\/2024\/01\/service-image1-1024x683789-1-768x512.jpg 768w, https:\/\/gallericarl.com\/wp-content\/uploads\/2024\/01\/service-image1-1024x683789-1-370x247.jpg 370w, https:\/\/gallericarl.com\/wp-content\/uploads\/2024\/01\/service-image1-1024x683789-1-840x560.jpg 840w, https:\/\/gallericarl.com\/wp-content\/uploads\/2024\/01\/service-image1-1024x683789-1-410x273.jpg 410w, https:\/\/gallericarl.com\/wp-content\/uploads\/2024\/01\/service-image1-1024x683789-1-600x400.jpg 600w\" sizes=\"(max-width: 1024px) 100vw, 1024px\" \/><\/figure>\n<\/figure>\n\n\n\n<h5 class=\"wp-block-heading\">2. Konstprenumerationsboxar<\/h5>\n\n\n\n<p>Prenumerationsboxar har tagit m\u00e5nga branscher med storm, och konstv\u00e4rlden \u00e4r inget undantag. Kurera m\u00e5natliga eller kvartalsvisa konstprenumerationsboxar som inkluderar tryck, sm\u00e5 originalkonstverk, konstmaterial eller till och med konstrelaterade produkter. Denna modell erbjuder konst\u00e4lskare en regelbunden dos av kreativitet och introducerar dem f\u00f6r nya konstn\u00e4rer och stilar. <br>This model offers art lovers a regular dose of creativity and introduces them to new artists and styles.<\/p>\n\n\n\n<h5 class=\"wp-block-heading\">3. Mobil konstgalleri<\/h5>\n\n\n\n<p>T\u00e4nk utanf\u00f6r den traditionella galleriutrymmet med ett mobilt konstgalleri. Omvandla en sk\u00e5pbil eller liten lastbil till ett resande galleri som kan bes\u00f6ka olika grannskap, evenemang eller festivaler. Detta tillv\u00e4gag\u00e5ngss\u00e4tt inte bara ger konst till en bredare publik utan skapar ocks\u00e5 en unik och minnesv\u00e4rd konstk\u00f6psupplevelse.<\/p>\n\n\n\n<h5 class=\"wp-block-heading\">4. Konstuthyrningstj\u00e4nster<\/h5>\n\n\n\n<p>F\u00f6r f\u00f6retag och privatpersoner som vill f\u00f6rb\u00e4ttra sina utrymmen utan att binda sig till ett k\u00f6p, \u00e4r konstuthyrningstj\u00e4nster ett attraktivt alternativ. Erbjud ett utbud av konstverk f\u00f6r uthyrning, vilket ger ett dynamiskt och flexibelt s\u00e4tt f\u00f6r kunder att njuta av konst. Detta kan ocks\u00e5 vara ett bra s\u00e4tt f\u00f6r framv\u00e4xande konstn\u00e4rer att f\u00e5 exponering.<\/p>\n\n\n\n<figure class=\"wp-block-image size-full\"><img loading=\"lazy\" decoding=\"async\" width=\"1024\" height=\"683\" src=\"https:\/\/www.gallericarl.com\/wp-content\/uploads\/2024\/01\/blog-3.jpg\" alt=\"\" class=\"wp-image-20411\" srcset=\"https:\/\/gallericarl.com\/wp-content\/uploads\/2024\/01\/blog-3.jpg 1024w, https:\/\/gallericarl.com\/wp-content\/uploads\/2024\/01\/blog-3-300x200.jpg 300w, https:\/\/gallericarl.com\/wp-content\/uploads\/2024\/01\/blog-3-768x512.jpg 768w, https:\/\/gallericarl.com\/wp-content\/uploads\/2024\/01\/blog-3-370x247.jpg 370w, https:\/\/gallericarl.com\/wp-content\/uploads\/2024\/01\/blog-3-840x560.jpg 840w, https:\/\/gallericarl.com\/wp-content\/uploads\/2024\/01\/blog-3-410x273.jpg 410w, https:\/\/gallericarl.com\/wp-content\/uploads\/2024\/01\/blog-3-600x400.jpg 600w\" sizes=\"(max-width: 1024px) 100vw, 1024px\" \/><\/figure>\n\n\n\n<h5 class=\"wp-block-heading\">5. Specialiserade konstverkst\u00e4der och kurser<\/h5>\n\n\n\n<p>Erbjuda specialiserade konstverkst\u00e4der eller kurser som fokuserar p\u00e5 unika eller trendiga konstformer. Dessa kan variera fr\u00e5n digitala konstverkst\u00e4der till milj\u00f6v\u00e4nliga konstklasser som anv\u00e4nder h\u00e5llbara material. Att skr\u00e4ddarsy dina erbjudanden efter specifika intressen eller aktuella trender kan locka en m\u00e5ngfald av konstentusiaster.<\/p>\n\n\n\n<h5 class=\"wp-block-heading\">Bonus tips: Konsttemaresor och retreats<\/h5>\n\n\n\n<p>Kombinera k\u00e4rleken till konst och resor genom att organisera konsttemaresor eller retreats. Dessa kan inkludera bes\u00f6k till ber\u00f6mda konstdestinationer, verkst\u00e4der med lokala konstn\u00e4rer och f\u00f6rdjupande kulturella upplevelser. Konsttemaresor tilltalar de som vill kombinera sin passion f\u00f6r konst med gl\u00e4djen av utforskning.<\/p>\n\n\n\n<p>Konstbranschen \u00e4r full av m\u00f6jligheter f\u00f6r innovativa och passionerade entrepren\u00f6rer. Genom att utnyttja teknik, omfamna nya trender och t\u00e4nka kreativt kan du utveckla en aff\u00e4rsmodell som inte bara st\u00f6djer konstn\u00e4rer utan ocks\u00e5 f\u00f6r in konst i m\u00e4nniskors liv p\u00e5 nya och sp\u00e4nnande s\u00e4tt.<\/p>\n\n\n\n<p>Kom ih\u00e5g, nyckeln till en framg\u00e5ngsrik konstverksamhet ligger inte bara i att s\u00e4lja konst, utan i att skapa en upplevelse som f\u00f6rbinder m\u00e4nniskor med kreativitet och kultur. S\u00e5 sl\u00e4pp loss din entrepren\u00f6rsanda, l\u00e5t din k\u00e4rlek till konst v\u00e4gleda dig och se hur din konstverksamhet blomstrar till en livlig och bel\u00f6nande f\u00f6retagsverksamhet!<\/p>","protected":false},"excerpt":{"rendered":"<p>\u00c4r du passionerad f\u00f6r konst och dr\u00f6mmer om att kanalisera denna passion till en blomstrande aff\u00e4rsverksamhet? I den st\u00e4ndigt f\u00f6r\u00e4nderliga konstv\u00e4rlden \u00e4r f\u00e4rska och innovativa id\u00e9er nyckeln till framg\u00e5ng. Oavsett...<\/p>","protected":false},"author":1,"featured_media":20401,"comment_status":"closed","ping_status":"open","sticky":false,"template":"","format":"standard","meta":{"footnotes":""},"categories":[7],"tags":[235,230,234,236,231,154,238,233,237,153,232],"class_list":["post-304","post","type-post","status-publish","format-standard","has-post-thumbnail","hentry","category-modern-art","tag-art-business","tag-art-rental-services","tag-art-subscription-boxes","tag-art-workshops","tag-art-themed-travel","tag-creative","tag-creative-industry","tag-entrepreneurship","tag-mobile-art-gallery","tag-news","tag-online-art-marketplace"],"_links":{"self":[{"href":"https:\/\/gallericarl.com\/sv\/wp-json\/wp\/v2\/posts\/304","targetHints":{"allow":["GET"]}}],"collection":[{"href":"https:\/\/gallericarl.com\/sv\/wp-json\/wp\/v2\/posts"}],"about":[{"href":"https:\/\/gallericarl.com\/sv\/wp-json\/wp\/v2\/types\/post"}],"author":[{"embeddable":true,"href":"https:\/\/gallericarl.com\/sv\/wp-json\/wp\/v2\/users\/1"}],"replies":[{"embeddable":true,"href":"https:\/\/gallericarl.com\/sv\/wp-json\/wp\/v2\/comments?post=304"}],"version-history":[{"count":0,"href":"https:\/\/gallericarl.com\/sv\/wp-json\/wp\/v2\/posts\/304\/revisions"}],"wp:featuredmedia":[{"embeddable":true,"href":"https:\/\/gallericarl.com\/sv\/wp-json\/wp\/v2\/media\/20401"}],"wp:attachment":[{"href":"https:\/\/gallericarl.com\/sv\/wp-json\/wp\/v2\/media?parent=304"}],"wp:term":[{"taxonomy":"category","embeddable":true,"href":"https:\/\/gallericarl.com\/sv\/wp-json\/wp\/v2\/categories?post=304"},{"taxonomy":"post_tag","embeddable":true,"href":"https:\/\/gallericarl.com\/sv\/wp-json\/wp\/v2\/tags?post=304"}],"curies":[{"name":"wp","href":"https:\/\/api.w.org\/{rel}","templated":true}]}}